{"id":20751,"date":"2026-02-25T17:10:34","date_gmt":"2026-02-25T16:10:34","guid":{"rendered":"https:\/\/gehri.ch\/?p=20751"},"modified":"2026-02-25T17:10:34","modified_gmt":"2026-02-25T16:10:34","slug":"double-strike-pour-la-boite-a-musique-et-la-paille","status":"publish","type":"post","link":"https:\/\/gehri.ch\/fr\/2026\/02\/double-strike-pour-la-boite-a-musique-et-la-paille\/","title":{"rendered":"Double strike pour la Bo&icirc;te &agrave; Musique et la Paille."},"content":{"rendered":"<p>\u2728Double Strike au iF Design Award 2026<br \/>\nDeux projets de notre \u00e9quipe d\u2019architecture d\u2019int\u00e9rieur et de design ont \u00e9t\u00e9 r\u00e9compens\u00e9s par le iF Design Award.<br \/>\nCette distinction confirme notre volont\u00e9 de concevoir des espaces clairs, identitaires et r\u00e9alis\u00e9s avec une grande pr\u00e9cision artisanale \u2013 en pla\u00e7ant syst\u00e9matiquement les utilisatrices et utilisateurs au centre. Selon nous, une ambiance forte et un ADN clairement lisible naissent toujours du dialogue avec celles et ceux qui vivent le lieu au quotidien.<br \/>\nMerci \u00e0 toutes les personnes impliqu\u00e9es pour la confiance et le voyage accompli.<\/p>\n<p>\ud83d\udcac Envie d\u2019un guide exp\u00e9riment\u00e9 pour le voyage architectural de votre projet ? \ud83d\ude0e<\/p>\n","protected":false},"excerpt":{"rendered":"<p>\u2728Double Strike au iF Design Award 2026 Deux projets de notre \u00e9quipe d\u2019architecture d\u2019int\u00e9rieur et de design ont \u00e9t\u00e9 r\u00e9compens\u00e9s par le iF Design Award. Cette distinction confirme notre volont\u00e9 de concevoir des espaces clairs, identitaires et r\u00e9alis\u00e9s avec une grande pr\u00e9cision artisanale \u2013 en pla\u00e7ant syst\u00e9matiquement les utilisatrices et utilisateurs au centre. Selon nous, &hellip;<\/p>\n","protected":false},"author":14,"featured_media":20749,"comment_status":"closed","ping_status":"open","sticky":false,"template":"","format":"standard","meta":[],"_links":{"self":[{"href":"https:\/\/gehri.ch\/fr\/wp-json\/wp\/v2\/posts\/20751"}],"collection":[{"href":"https:\/\/gehri.ch\/fr\/wp-json\/wp\/v2\/posts"}],"about":[{"href":"https:\/\/gehri.ch\/fr\/wp-json\/wp\/v2\/types\/post"}],"author":[{"embeddable":true,"href":"https:\/\/gehri.ch\/fr\/wp-json\/wp\/v2\/users\/14"}],"replies":[{"embeddable":true,"href":"https:\/\/gehri.ch\/fr\/wp-json\/wp\/v2\/comments?post=20751"}],"version-history":[{"count":3,"href":"https:\/\/gehri.ch\/fr\/wp-json\/wp\/v2\/posts\/20751\/revisions"}],"predecessor-version":[{"id":20754,"href":"https:\/\/gehri.ch\/fr\/wp-json\/wp\/v2\/posts\/20751\/revisions\/20754"}],"wp:featuredmedia":[{"embeddable":true,"href":"https:\/\/gehri.ch\/fr\/wp-json\/wp\/v2\/media\/20749"}],"wp:attachment":[{"href":"https:\/\/gehri.ch\/fr\/wp-json\/wp\/v2\/media?parent=20751"}],"curies":[{"name":"wp","href":"https:\/\/api.w.org\/{rel}","templated":true}]}}