{"id":20174,"date":"2025-12-07T11:38:58","date_gmt":"2025-12-07T10:38:58","guid":{"rendered":"https:\/\/gehri.ch\/?p=20174"},"modified":"2025-12-08T07:01:53","modified_gmt":"2025-12-08T06:01:53","slug":"biennale-25","status":"publish","type":"post","link":"https:\/\/gehri.ch\/fr\/2025\/12\/biennale-25\/","title":{"rendered":"Biennale 25"},"content":{"rendered":"<p data-start=\"24\" data-end=\"667\">Notre voyage \u00e0 Venise d\u00e9but novembre a offert un aper\u00e7u dense de la Biennale Architettura 2025. Sous le th\u00e8me<strong> \u00ab Intelligens. Natural. Artificial. Collective. \u00bb<\/strong>, l\u2019exposition montrait comment l\u2019architecture \u00e9volue \u00e0 travers les syst\u00e8mes naturels, l\u2019intelligence num\u00e9rique et les processus collectifs. Les contributions mettaient en avant<strong> la durabilit\u00e9, l\u2019utilisation responsable des ressources, des b\u00e2timents adapt\u00e9s au climat ainsi que de nouvelles formes de vie et de travail<\/strong>. Les approches exp\u00e9rimentales allaient des mat\u00e9riaux biosourc\u00e9s aux syst\u00e8mes num\u00e9riques et adaptatifs capables de r\u00e9agir aux \u00e9volutions sociales et environnementales.<\/p>\n<p data-start=\"669\" data-end=\"925\">Pour notre pratique, la Biennale a apport\u00e9 des impulsions claires : une approche plus consciente de la mat\u00e9rialit\u00e9, la recherche d\u2019une qualit\u00e9 spatiale durable et une compr\u00e9hension \u00e9largie de la conception, qui relie nature, technologie et besoins humains.<\/p>\n<p data-start=\"927\" data-end=\"1474\" data-is-last-node=\"\" data-is-only-node=\"\">Ce voyage d\u2019\u00e9tude fut \u00e9galement une belle exp\u00e9rience commune. Nous avons pu visiter un studio de design collaborant avec diff\u00e9rents fournisseurs et leurs techniques vari\u00e9es de travail du verre \u00e0 Murano, ainsi que l\u2019\u00eele voisine avec sa vieille ville color\u00e9e \u2013 des d\u00e9couvertes qui nous ont inspir\u00e9s et enrichis. Ce temps partag\u00e9 a permis des \u00e9changes ouverts, des moments qui renforcent les liens et l\u2019entretien de nos relations. La culture, l\u2019architecture et l\u2019atmosph\u00e8re de Venise ont enrichi notre perspective et renforc\u00e9 notre coh\u00e9sion d\u2019\u00e9quipe.<\/p>\n","protected":false},"excerpt":{"rendered":"<p>Notre voyage \u00e0 Venise d\u00e9but novembre a offert un aper\u00e7u dense de la Biennale Architettura 2025. Sous le th\u00e8me \u00ab Intelligens. Natural. Artificial. Collective. \u00bb, l\u2019exposition montrait comment l\u2019architecture \u00e9volue \u00e0 travers les syst\u00e8mes naturels, l\u2019intelligence num\u00e9rique et les processus collectifs. Les contributions mettaient en avant la durabilit\u00e9, l\u2019utilisation responsable des ressources, des b\u00e2timents adapt\u00e9s &hellip;<\/p>\n","protected":false},"author":14,"featured_media":20182,"comment_status":"closed","ping_status":"open","sticky":false,"template":"","format":"standard","meta":[],"_links":{"self":[{"href":"https:\/\/gehri.ch\/fr\/wp-json\/wp\/v2\/posts\/20174"}],"collection":[{"href":"https:\/\/gehri.ch\/fr\/wp-json\/wp\/v2\/posts"}],"about":[{"href":"https:\/\/gehri.ch\/fr\/wp-json\/wp\/v2\/types\/post"}],"author":[{"embeddable":true,"href":"https:\/\/gehri.ch\/fr\/wp-json\/wp\/v2\/users\/14"}],"replies":[{"embeddable":true,"href":"https:\/\/gehri.ch\/fr\/wp-json\/wp\/v2\/comments?post=20174"}],"version-history":[{"count":4,"href":"https:\/\/gehri.ch\/fr\/wp-json\/wp\/v2\/posts\/20174\/revisions"}],"predecessor-version":[{"id":20194,"href":"https:\/\/gehri.ch\/fr\/wp-json\/wp\/v2\/posts\/20174\/revisions\/20194"}],"wp:featuredmedia":[{"embeddable":true,"href":"https:\/\/gehri.ch\/fr\/wp-json\/wp\/v2\/media\/20182"}],"wp:attachment":[{"href":"https:\/\/gehri.ch\/fr\/wp-json\/wp\/v2\/media?parent=20174"}],"curies":[{"name":"wp","href":"https:\/\/api.w.org\/{rel}","templated":true}]}}