{"id":20097,"date":"2025-12-02T20:50:58","date_gmt":"2025-12-02T19:50:58","guid":{"rendered":"https:\/\/gehri.ch\/?p=20097"},"modified":"2025-12-06T09:13:21","modified_gmt":"2025-12-06T08:13:21","slug":"magazine-ait-12-2025-banques-et-autorites-gehri","status":"publish","type":"post","link":"https:\/\/gehri.ch\/fr\/2025\/12\/magazine-ait-12-2025-banques-et-autorites-gehri\/","title":{"rendered":"AIT 2025 pr&eacute;sente notre espace conseil &agrave; Sainte\u200b-\u200bCroix"},"content":{"rendered":"<p data-start=\"88\" data-end=\"514\">AIT \u2013 l\u2019un des magazines les plus reconnus dans le domaine de l\u2019architecture et de l\u2019architecture d\u2019int\u00e9rieur dans l\u2019espace germanophone \u2013 consacre son \u00e9dition 2025 au th\u00e8me \u00ab Banques et administrations \u00bb. Notre espace conseil Raiffeisen \u00e0 Sainte-Croix fait partie des projets s\u00e9lectionn\u00e9s. Cela nous r\u00e9jouit beaucoup et confirme notre engagement quotidien : cr\u00e9er des espaces identitaires qui offrent une exp\u00e9rience positive. Un grand merci \u00e0 la r\u00e9daction et en particulier \u00e0 Henriette Steuer pour cet article pr\u00e9cis et bien r\u00e9alis\u00e9. Cela confirme qu\u2019un mandat direct permet de gagner du temps et de r\u00e9duire les efforts, tout en r\u00e9alisant des projets de haute qualit\u00e9 et de valeur durable. On y trouve \u00e9galement deux autres projets suisses, dont la Banque Lombard Odier \u00e0 Gen\u00e8ve de Herzog &amp; de Meuron. Un grand merci \u00e0 la r\u00e9daction et \u00e0 Henriette Steuer pour cet excellent article.<\/p>\n<p data-start=\"88\" data-end=\"514\"><em>\u00ab\u00a0Dans le cadre de nos recherches pour le th\u00e8me actuel du num\u00e9ro \u00ab Banques et autorit\u00e9s \u00bb, nous avons identifi\u00e9 des transformations et r\u00e9novations exemplaires, mais aussi des constructions nouvelles qui, \u00e0 notre avis, apportent une contribution essentielle \u00e0 la culture b\u00e2tie \u2013 comme par exemple le b\u00e2timent d\u2019\u00e9cluse \u00e0 Schwabenheim, r\u00e9alis\u00e9 par Ecker Architekten. Tous ces projets se distinguent par une forte qualit\u00e9 architectonique, une utilisation consciente de l\u2019\u00e9nergie et des ressources, ainsi que par la possibilit\u00e9 d\u2019un changement d\u2019affectation.\u00a0\u00bb Petra Stephan, Dipl.-Ing. Chefredakteurin<br \/>\nArchitecte<\/em><\/p>\n<p>Cliquez ici pour lire l&rsquo;article :<\/p>\n<p><a href=\"https:\/\/gehri.ch\/content\/uploads\/2025\/12\/AIT1225_Raiffeisenbank_Sainte-Croix.pdf\">PDF_allemend_anglais<\/a><\/p>\n<p><a href=\"https:\/\/gehri.ch\/fr\/objets\/raiffeisen_sainte-croix_architecture_d-interieur_design\/\">Lien vers l&rsquo;objet Raiffeisen Sainte-Croix<\/a><\/p>\n<p><a href=\"https:\/\/ait-xia-dialog.de\/ait-magazine\/ausgabe-12-2025\/\">Ici, vous pouvez commander le num\u00e9ro actuel.<\/a><\/p>\n","protected":false},"excerpt":{"rendered":"<p>AIT \u2013 l\u2019un des magazines les plus reconnus dans le domaine de l\u2019architecture et de l\u2019architecture d\u2019int\u00e9rieur dans l\u2019espace germanophone \u2013 consacre son \u00e9dition 2025 au th\u00e8me \u00ab Banques et administrations \u00bb. Notre espace conseil Raiffeisen \u00e0 Sainte-Croix fait partie des projets s\u00e9lectionn\u00e9s. Cela nous r\u00e9jouit beaucoup et confirme notre engagement quotidien : cr\u00e9er des &hellip;<\/p>\n","protected":false},"author":14,"featured_media":20091,"comment_status":"closed","ping_status":"open","sticky":false,"template":"","format":"standard","meta":[],"_links":{"self":[{"href":"https:\/\/gehri.ch\/fr\/wp-json\/wp\/v2\/posts\/20097"}],"collection":[{"href":"https:\/\/gehri.ch\/fr\/wp-json\/wp\/v2\/posts"}],"about":[{"href":"https:\/\/gehri.ch\/fr\/wp-json\/wp\/v2\/types\/post"}],"author":[{"embeddable":true,"href":"https:\/\/gehri.ch\/fr\/wp-json\/wp\/v2\/users\/14"}],"replies":[{"embeddable":true,"href":"https:\/\/gehri.ch\/fr\/wp-json\/wp\/v2\/comments?post=20097"}],"version-history":[{"count":5,"href":"https:\/\/gehri.ch\/fr\/wp-json\/wp\/v2\/posts\/20097\/revisions"}],"predecessor-version":[{"id":20167,"href":"https:\/\/gehri.ch\/fr\/wp-json\/wp\/v2\/posts\/20097\/revisions\/20167"}],"wp:featuredmedia":[{"embeddable":true,"href":"https:\/\/gehri.ch\/fr\/wp-json\/wp\/v2\/media\/20091"}],"wp:attachment":[{"href":"https:\/\/gehri.ch\/fr\/wp-json\/wp\/v2\/media?parent=20097"}],"curies":[{"name":"wp","href":"https:\/\/api.w.org\/{rel}","templated":true}]}}