{"id":17960,"date":"2025-03-05T06:11:16","date_gmt":"2025-03-05T05:11:16","guid":{"rendered":"https:\/\/gehri.ch\/?p=17960"},"modified":"2025-03-07T13:16:33","modified_gmt":"2025-03-07T12:16:33","slug":"tripple-if","status":"publish","type":"post","link":"https:\/\/gehri.ch\/fr\/2025\/03\/tripple-if\/","title":{"rendered":"Tripple iF"},"content":{"rendered":"<p data-start=\"0\" data-end=\"209\">Dans le secteur bancaire, on parle de Triple A \u2014 nous nous r\u00e9jouissons de notre Triple iF. Nous remercions nos clients et partenaires pour leur confiance et sommes fiers de la reconnaissance internationale de notre design.<\/p>\n<p data-start=\"211\" data-end=\"321\"><a href=\"https:\/\/www.raiffeisen.ch\/geneve-lac\/fr.html\">Raiffeisen Gen\u00e8ve Lac Ch\u00eane-Bourg<\/a>\u00a0<br data-start=\"248\" data-end=\"251\" \/>Collaboration avec <a href=\"http:\/\/www.group8.ch\/\">group8 <\/a>Architectes Gen\u00e8ve<br data-start=\"300\" data-end=\"303\" \/><a href=\"https:\/\/gehri.ch\/fr\/objets\/raiffeisen_geneve_lac_chene_bourg\/\">Vers le projet<\/a><\/p>\n<p data-start=\"323\" data-end=\"432\"><a href=\"https:\/\/www.raiffeisen.ch\/sion-et-region\/fr.html\">Raiffeisen Sion et R\u00e9gion Nendaz<\/a><br data-start=\"359\" data-end=\"362\" \/>Collaboration avec <a href=\"https:\/\/bfarchitecture.ch\/\">BFA Bourban Fr\u00e8re Architecture S\u00e0rl<\/a> Nendaz<br data-start=\"411\" data-end=\"414\" \/><a href=\"https:\/\/gehri.ch\/fr\/objets\/raiffeisen_nendaz-2\/\">Vers le projet<\/a><\/p>\n<p data-start=\"434\" data-end=\"541\"><a href=\"https:\/\/www.slb.ch\/\">Spar- und Leihkasse Bucheggberg<\/a><br data-start=\"469\" data-end=\"472\" \/>Collaboration avec <a href=\"https:\/\/ssmarchitekten.ch\/\">SSM Architekten<\/a> Soleure<br data-start=\"520\" data-end=\"523\" \/><a href=\"https:\/\/gehri.ch\/fr\/objets\/architecture_d_interieur_design_storytelling_banque_slb\/\">Vers le projet<\/a><\/p>\n<p data-start=\"543\" data-end=\"577\" data-is-last-node=\"\" data-is-only-node=\"\">L&rsquo;iF Design a \u00e9t\u00e9 fond\u00e9 en 1953. Un an plus tard, le prix iF DESIGN AWARD, symbole d&rsquo;un design exceptionnel et reconnu dans le monde entier, \u00e9tait d\u00e9cern\u00e9 pour la premi\u00e8re fois. L&rsquo;iF DESIGN AWARD est l&rsquo;une des distinctions les plus importantes et les plus renomm\u00e9es au monde dans le domaine du design. Chaque ann\u00e9e, plusieurs milliers de designers, d&rsquo;architectes et d&rsquo;entreprises du monde entier participent \u00e0 ce concours pour faire \u00e9valuer leur design par des experts ind\u00e9pendants.<\/p>\n<p data-start=\"543\" data-end=\"577\" data-is-last-node=\"\" data-is-only-node=\"\"><a href=\"https:\/\/ifdesign.com\/en\/brands-creatives\/company\/gehri-inspirational-spaces\/20206\">Notre profil iF<\/a><\/p>\n","protected":false},"excerpt":{"rendered":"<p>Dans le secteur bancaire, on parle de Triple A \u2014 nous nous r\u00e9jouissons de notre Triple iF. Nous remercions nos clients et partenaires pour leur confiance et sommes fiers de la reconnaissance internationale de notre design. Raiffeisen Gen\u00e8ve Lac Ch\u00eane-Bourg\u00a0Collaboration avec group8 Architectes Gen\u00e8veVers le projet Raiffeisen Sion et R\u00e9gion NendazCollaboration avec BFA Bourban Fr\u00e8re &hellip;<\/p>\n","protected":false},"author":14,"featured_media":17979,"comment_status":"closed","ping_status":"open","sticky":false,"template":"","format":"standard","meta":[],"_links":{"self":[{"href":"https:\/\/gehri.ch\/fr\/wp-json\/wp\/v2\/posts\/17960"}],"collection":[{"href":"https:\/\/gehri.ch\/fr\/wp-json\/wp\/v2\/posts"}],"about":[{"href":"https:\/\/gehri.ch\/fr\/wp-json\/wp\/v2\/types\/post"}],"author":[{"embeddable":true,"href":"https:\/\/gehri.ch\/fr\/wp-json\/wp\/v2\/users\/14"}],"replies":[{"embeddable":true,"href":"https:\/\/gehri.ch\/fr\/wp-json\/wp\/v2\/comments?post=17960"}],"version-history":[{"count":5,"href":"https:\/\/gehri.ch\/fr\/wp-json\/wp\/v2\/posts\/17960\/revisions"}],"predecessor-version":[{"id":18024,"href":"https:\/\/gehri.ch\/fr\/wp-json\/wp\/v2\/posts\/17960\/revisions\/18024"}],"wp:featuredmedia":[{"embeddable":true,"href":"https:\/\/gehri.ch\/fr\/wp-json\/wp\/v2\/media\/17979"}],"wp:attachment":[{"href":"https:\/\/gehri.ch\/fr\/wp-json\/wp\/v2\/media?parent=17960"}],"curies":[{"name":"wp","href":"https:\/\/api.w.org\/{rel}","templated":true}]}}